{"id":1823,"date":"2021-10-28T16:22:05","date_gmt":"2021-10-28T16:22:05","guid":{"rendered":"http:\/\/blog.bswv-sn.de\/?p=1823"},"modified":"2021-10-28T16:22:07","modified_gmt":"2021-10-28T16:22:07","slug":"odense-meets-schwerin-2021","status":"publish","type":"post","link":"http:\/\/blog.bswv-sn.de\/?p=1823","title":{"rendered":"Odense meets Schwerin 2021"},"content":{"rendered":"<p><span style=\"font-size: 12pt;\"><strong>Es ist mal wieder so weit:<\/strong> Wir Sch\u00fclerinnen und Sch\u00fcler aus dem Medienkundekurs organisieren den Sch\u00fcleraustausch der RBB-WV Schwerin mit unserer d\u00e4nischen Partnerschule aus Odense. Nachdem wir wegen der Corona-Einschr\u00e4nkungen lange nicht reisen durften, freuen wir uns dieses Jahr besonders auf den kulturellen und sprachlichen Austausch mit unseren d\u00e4nischen Kolleginnen und Kollegen.\u00a0\u00a0<\/span><\/p>\n<p><span style=\"font-size: 12pt;\">Erm\u00f6glicht wird der Austausch durch Erasmus Programm. Dieses EU-Programm f\u00f6rdert den Austausch von Sch\u00fclerinnen und Sch\u00fclern\u00a0in Europa \u2013 egal ob f\u00fcr zwei Tage oder ein ganzes Jahr.\u00a0<\/span><\/p>\n<p><span style=\"font-size: 12pt;\">Was haben wir vor? Nach einem ersten Kennenlernen per Videokonferenz folgen ein paar spannende Tage in Schwerin. Neben von uns geplanten politischen und kulturellen Highlights wird nat\u00fcrlich auch der\u00a0Spa\u00df nicht zu kurz kommen. Was wir jedoch genau vorhaben, bleibt eine \u00dcberraschung.\u00a0\u00a0<\/span><\/p>\n<p><span style=\"font-size: 12pt;\">Wir sind schon sehr gespannt, wie das gegenseitige Kennenlernen verl\u00e4uft und welche neuen Erkenntnisse und Impulse zur Erweiterung unseres Horizonts wir daraus mitnehmen\u00a0k\u00f6nnen.\u00a0<\/span><\/p>\n\n\n<figure class=\"wp-block-image size-large\"><img loading=\"lazy\" width=\"1024\" height=\"767\" src=\"http:\/\/blog.bswv-sn.de\/wp-content\/uploads\/2021\/10\/IMG-20211028-WA0005-1024x767.jpg\" alt=\"\" class=\"wp-image-1824\" srcset=\"http:\/\/blog.bswv-sn.de\/wp-content\/uploads\/2021\/10\/IMG-20211028-WA0005-1024x767.jpg 1024w, http:\/\/blog.bswv-sn.de\/wp-content\/uploads\/2021\/10\/IMG-20211028-WA0005-300x225.jpg 300w, http:\/\/blog.bswv-sn.de\/wp-content\/uploads\/2021\/10\/IMG-20211028-WA0005-768x575.jpg 768w, http:\/\/blog.bswv-sn.de\/wp-content\/uploads\/2021\/10\/IMG-20211028-WA0005-1536x1150.jpg 1536w, http:\/\/blog.bswv-sn.de\/wp-content\/uploads\/2021\/10\/IMG-20211028-WA0005-401x300.jpg 401w, http:\/\/blog.bswv-sn.de\/wp-content\/uploads\/2021\/10\/IMG-20211028-WA0005.jpg 1600w\" sizes=\"(max-width: 1024px) 100vw, 1024px\" \/><\/figure>\n\n\n\n<figure class=\"wp-block-image size-large is-resized\"><img loading=\"lazy\" src=\"http:\/\/blog.bswv-sn.de\/wp-content\/uploads\/2021\/10\/IMG-20211028-WA0004-1.jpg\" alt=\"\" class=\"wp-image-1827\" width=\"300\" height=\"184\" srcset=\"http:\/\/blog.bswv-sn.de\/wp-content\/uploads\/2021\/10\/IMG-20211028-WA0004-1.jpg 937w, http:\/\/blog.bswv-sn.de\/wp-content\/uploads\/2021\/10\/IMG-20211028-WA0004-1-300x183.jpg 300w, http:\/\/blog.bswv-sn.de\/wp-content\/uploads\/2021\/10\/IMG-20211028-WA0004-1-768x469.jpg 768w, http:\/\/blog.bswv-sn.de\/wp-content\/uploads\/2021\/10\/IMG-20211028-WA0004-1-491x300.jpg 491w\" sizes=\"(max-width: 300px) 100vw, 300px\" \/><\/figure>\n","protected":false},"excerpt":{"rendered":"<p>Es ist mal wieder so weit: Wir Sch\u00fclerinnen und Sch\u00fcler aus dem Medienkundekurs organisieren den Sch\u00fcleraustausch der RBB-WV Schwerin mit unserer d\u00e4nischen Partnerschule aus Odense. Nachdem wir wegen der Corona-Einschr\u00e4nkungen lange nicht reisen durften, freuen wir uns dieses Jahr besonders &hellip; <a href=\"http:\/\/blog.bswv-sn.de\/?p=1823\">Weiterlesen <span class=\"meta-nav\">&rarr;<\/span><\/a><\/p>\n","protected":false},"author":18,"featured_media":1827,"comment_status":"open","ping_status":"open","sticky":false,"template":"","format":"standard","meta":[],"categories":[5,14,7],"tags":[],"_links":{"self":[{"href":"http:\/\/blog.bswv-sn.de\/index.php?rest_route=\/wp\/v2\/posts\/1823"}],"collection":[{"href":"http:\/\/blog.bswv-sn.de\/index.php?rest_route=\/wp\/v2\/posts"}],"about":[{"href":"http:\/\/blog.bswv-sn.de\/index.php?rest_route=\/wp\/v2\/types\/post"}],"author":[{"embeddable":true,"href":"http:\/\/blog.bswv-sn.de\/index.php?rest_route=\/wp\/v2\/users\/18"}],"replies":[{"embeddable":true,"href":"http:\/\/blog.bswv-sn.de\/index.php?rest_route=%2Fwp%2Fv2%2Fcomments&post=1823"}],"version-history":[{"count":4,"href":"http:\/\/blog.bswv-sn.de\/index.php?rest_route=\/wp\/v2\/posts\/1823\/revisions"}],"predecessor-version":[{"id":1830,"href":"http:\/\/blog.bswv-sn.de\/index.php?rest_route=\/wp\/v2\/posts\/1823\/revisions\/1830"}],"wp:featuredmedia":[{"embeddable":true,"href":"http:\/\/blog.bswv-sn.de\/index.php?rest_route=\/wp\/v2\/media\/1827"}],"wp:attachment":[{"href":"http:\/\/blog.bswv-sn.de\/index.php?rest_route=%2Fwp%2Fv2%2Fmedia&parent=1823"}],"wp:term":[{"taxonomy":"category","embeddable":true,"href":"http:\/\/blog.bswv-sn.de\/index.php?rest_route=%2Fwp%2Fv2%2Fcategories&post=1823"},{"taxonomy":"post_tag","embeddable":true,"href":"http:\/\/blog.bswv-sn.de\/index.php?rest_route=%2Fwp%2Fv2%2Ftags&post=1823"}],"curies":[{"name":"wp","href":"https:\/\/api.w.org\/{rel}","templated":true}]}}