{"id":1858,"date":"2022-06-01T07:21:26","date_gmt":"2022-06-01T07:21:26","guid":{"rendered":"http:\/\/blog.bswv-sn.de\/?p=1858"},"modified":"2022-06-01T07:22:17","modified_gmt":"2022-06-01T07:22:17","slug":"feierliche-uebergabe-der-europaesse","status":"publish","type":"post","link":"http:\/\/blog.bswv-sn.de\/?p=1858","title":{"rendered":"Feierliche \u00dcbergabe der Europ\u00e4sse"},"content":{"rendered":"<p style=\"text-align: justify;\">Am Donnerstag, 19. Mai 2022 erhielten sieben Auszubildende als Nachweis f\u00fcr die Teilnahme an einem Auslandspraktikum ihren Europass.<\/p>\n<p style=\"text-align: justify;\">Die Auszubildenden am Regionalen Beruflichen Bildungszentrum Wirtschaft und Verwaltung der Landeshauptstadt Schwerin (RBB WuV) haben im M\u00e4rz ein dreiw\u00f6chiges Praktikum in Athen absolviert.<\/p>\n<p style=\"text-align: justify;\">M\u00f6glich wurde dies durch die finanzielle Unterst\u00fctzung des EU-Programms Erasmus+. <br \/>Dieses Programm der Europ\u00e4ischen Union f\u00f6rdert die europaweite Zusammenarbeit in allen Bildungsbereichen. Das Lernen in den L\u00e4ndern der Europ\u00e4ischen Union wird somit durch verschiedene Austausch- und Aufenthaltsmodelle unterst\u00fctzt. Zunehmend nun auch in der beruflichen Bildung.<\/p>\n<p style=\"text-align: justify;\">W\u00e4hrend ihres Auslandsaufenthaltes waren die Auszubildenden in verschiedenen Unternehmen eingesetzt. Vornehmlich lagen ihre T\u00e4tigkeiten dabei im kaufm\u00e4nnisch-verwaltenden Bereich. Die Auszubildenden haben somit einen Arbeitsalltag in einem anderen kulturellen Umfeld erlebt und sicher Neues dazugelernt. Besonders wichtig ist aber die pers\u00f6nliche Entwicklung, die alle genommen haben durch das Ausloten der eigenen Grenzen.<\/p>\n<p style=\"text-align: justify;\">Mit dem Europass Mobilit\u00e4t erhielten Sie nun einen Nachweis \u00fcber die T\u00e4tigkeit und die damit verbundenen neu erlernten F\u00e4higkeiten und Kenntnisse.<\/p>\n<p style=\"text-align: justify;\">Ein besonders gro\u00dfer Dank gilt auch den Ausbildungsbetrieben hier vor Ort, die es den Teilnehmern und Teilnehmerinnen erm\u00f6glicht haben w\u00e4hrend der Ausbildungszeit einen Aufenthalt im Ausland durchzuf\u00fchren. <br \/>Sie haben die jungen Leute freigestellt und somit ein interkulturelles Lernen erm\u00f6glicht. Als RBB m\u00f6chten wir dieses Engagement besonders w\u00fcrdigen, denn trotz wachsender Bedeutung von Fremdsprachenkenntnissen und Auslandserfahrungen trauen sich noch zu wenig Ausbildungsbetriebe, ihre Auszubildenden auf Auslandsaufenthalte zu schicken.<\/p>\n<p><img loading=\"lazy\" class=\"wp-image-1859 aligncenter\" src=\"http:\/\/blog.bswv-sn.de\/wp-content\/uploads\/2022\/06\/Europaesse-300x123.jpg\" alt=\"\" width=\"425\" height=\"184\" \/><\/p>\n\n\n<p><\/p>\n","protected":false},"excerpt":{"rendered":"<p>Am Donnerstag, 19. Mai 2022 erhielten sieben Auszubildende als Nachweis f\u00fcr die Teilnahme an einem Auslandspraktikum ihren Europass. Die Auszubildenden am Regionalen Beruflichen Bildungszentrum Wirtschaft und Verwaltung der Landeshauptstadt Schwerin (RBB WuV) haben im M\u00e4rz ein dreiw\u00f6chiges Praktikum in Athen &hellip; <a href=\"http:\/\/blog.bswv-sn.de\/?p=1858\">Weiterlesen <span class=\"meta-nav\">&rarr;<\/span><\/a><\/p>\n","protected":false},"author":1,"featured_media":0,"comment_status":"open","ping_status":"open","sticky":false,"template":"","format":"standard","meta":[],"categories":[13,1],"tags":[139,141,138,137,140],"_links":{"self":[{"href":"http:\/\/blog.bswv-sn.de\/index.php?rest_route=\/wp\/v2\/posts\/1858"}],"collection":[{"href":"http:\/\/blog.bswv-sn.de\/index.php?rest_route=\/wp\/v2\/posts"}],"about":[{"href":"http:\/\/blog.bswv-sn.de\/index.php?rest_route=\/wp\/v2\/types\/post"}],"author":[{"embeddable":true,"href":"http:\/\/blog.bswv-sn.de\/index.php?rest_route=\/wp\/v2\/users\/1"}],"replies":[{"embeddable":true,"href":"http:\/\/blog.bswv-sn.de\/index.php?rest_route=%2Fwp%2Fv2%2Fcomments&post=1858"}],"version-history":[{"count":2,"href":"http:\/\/blog.bswv-sn.de\/index.php?rest_route=\/wp\/v2\/posts\/1858\/revisions"}],"predecessor-version":[{"id":1861,"href":"http:\/\/blog.bswv-sn.de\/index.php?rest_route=\/wp\/v2\/posts\/1858\/revisions\/1861"}],"wp:attachment":[{"href":"http:\/\/blog.bswv-sn.de\/index.php?rest_route=%2Fwp%2Fv2%2Fmedia&parent=1858"}],"wp:term":[{"taxonomy":"category","embeddable":true,"href":"http:\/\/blog.bswv-sn.de\/index.php?rest_route=%2Fwp%2Fv2%2Fcategories&post=1858"},{"taxonomy":"post_tag","embeddable":true,"href":"http:\/\/blog.bswv-sn.de\/index.php?rest_route=%2Fwp%2Fv2%2Ftags&post=1858"}],"curies":[{"name":"wp","href":"https:\/\/api.w.org\/{rel}","templated":true}]}}